{"id":2501,"date":"2020-10-18T19:46:32","date_gmt":"2020-10-18T22:46:32","guid":{"rendered":"https:\/\/cirandadefilmes.com.br\/cirandacirandinha\/cirandacirandinha\/?p=2501"},"modified":"2020-10-18T19:47:12","modified_gmt":"2020-10-18T22:47:12","slug":"alemberg-quindins","status":"publish","type":"post","link":"https:\/\/cirandadefilmes.com.br\/cirandacirandinha\/alemberg-quindins\/","title":{"rendered":"Alemberg Quindins"},"content":{"rendered":"\n<p>M\u00fasico de forma\u00e7\u00e3o popular, empreendedor social, escritor e artista pl\u00e1stico autodidata. Em 1992, restaurou a primeira casa grande da fazenda que deu origem ao munic\u00edpio de Nova Olinda, no Cear\u00e1, e criou a Funda\u00e7\u00e3o Casa Grande-Memorial do Homem Kariri, uma organiza\u00e7\u00e3o social que tem como miss\u00e3o ser um lugar de viv\u00eancia em gest\u00e3o cultural e social para crian\u00e7as e jovens. Pela sua atua\u00e7\u00e3o, recebeu comendas de Cavaleiro na Ordem do M\u00e9rito Cultural pelo Minist\u00e9rio da Cultura do Brasil (2004), Medalha do M\u00e9rito da Farroupilha pela Assembleia Legislativa do Estado do Rio Grande do Sul \u2013 (2007), Comenda Jo\u00e3o Luiz Ramalho de Oliveira pelo Sistema Fecom\u00e9rcio Cear\u00e1 (2014), Medalha da Aboli\u00e7\u00e3o pelo Governo do Estado do Cear\u00e1 (2017), T\u00edtulo de Dr. Honoris Causa em Ci\u00eancias Sociais pela Universidade Regional do Cariri \u2013 URCA (2018) e T\u00edtulo&nbsp;de Not\u00f3rio Saber em Cultura Popular pela Universidade Federal do Cear\u00e1 (2019). Como consultor da Unicef participou da cria\u00e7\u00e3o dos programas de r\u00e1dio de crian\u00e7a para crian\u00e7a junto \u00e0s r\u00e1dios nacionais de Angola e Mo\u00e7ambique. Foi gerente de cultura do SESC Rio de Janeiro (2018) e atualmente \u00e9 assessor de rela\u00e7\u00f5es institucionais do SESC Cear\u00e1. Atualmente \u00e9 professor do Curso de P\u00f3s-gradua\u00e7\u00e3o Latu Sensu em Arqueologia Social Inclusiva pela Universidade Regional do Cariri &#8211; URCA e Investigador do Centro de Estudos em Arqueologia, Artes e Ci\u00eancias do Patrim\u00f4nio \u2013 CEAACP da Universidade de Coimbra \u2013 Portugal.<\/p>\n\n\n\n<p><\/p>\n","protected":false},"excerpt":{"rendered":"<p>M\u00fasico de forma\u00e7\u00e3o popular, empreendedor social, escritor e artista pl\u00e1stico autodidata. Em 1992, restaurou a primeira casa grande da fazenda que deu origem ao munic\u00edpio de Nova Olinda, no Cear\u00e1, e criou a Funda\u00e7\u00e3o Casa Grande-Memorial do Homem Kariri, uma organiza\u00e7\u00e3o social que tem como miss\u00e3o ser um lugar de viv\u00eancia em gest\u00e3o cultural e [&hellip;]<\/p>\n","protected":false},"author":1,"featured_media":2503,"comment_status":"closed","ping_status":"closed","sticky":false,"template":"","format":"standard","meta":{"_mo_disable_npp":"","footnotes":""},"categories":[43],"tags":[],"class_list":["post-2501","post","type-post","status-publish","format-standard","has-post-thumbnail","hentry","category-bios"],"_links":{"self":[{"href":"https:\/\/cirandadefilmes.com.br\/cirandacirandinha\/wp-json\/wp\/v2\/posts\/2501","targetHints":{"allow":["GET"]}}],"collection":[{"href":"https:\/\/cirandadefilmes.com.br\/cirandacirandinha\/wp-json\/wp\/v2\/posts"}],"about":[{"href":"https:\/\/cirandadefilmes.com.br\/cirandacirandinha\/wp-json\/wp\/v2\/types\/post"}],"author":[{"embeddable":true,"href":"https:\/\/cirandadefilmes.com.br\/cirandacirandinha\/wp-json\/wp\/v2\/users\/1"}],"replies":[{"embeddable":true,"href":"https:\/\/cirandadefilmes.com.br\/cirandacirandinha\/wp-json\/wp\/v2\/comments?post=2501"}],"version-history":[{"count":2,"href":"https:\/\/cirandadefilmes.com.br\/cirandacirandinha\/wp-json\/wp\/v2\/posts\/2501\/revisions"}],"predecessor-version":[{"id":2505,"href":"https:\/\/cirandadefilmes.com.br\/cirandacirandinha\/wp-json\/wp\/v2\/posts\/2501\/revisions\/2505"}],"wp:featuredmedia":[{"embeddable":true,"href":"https:\/\/cirandadefilmes.com.br\/cirandacirandinha\/wp-json\/wp\/v2\/media\/2503"}],"wp:attachment":[{"href":"https:\/\/cirandadefilmes.com.br\/cirandacirandinha\/wp-json\/wp\/v2\/media?parent=2501"}],"wp:term":[{"taxonomy":"category","embeddable":true,"href":"https:\/\/cirandadefilmes.com.br\/cirandacirandinha\/wp-json\/wp\/v2\/categories?post=2501"},{"taxonomy":"post_tag","embeddable":true,"href":"https:\/\/cirandadefilmes.com.br\/cirandacirandinha\/wp-json\/wp\/v2\/tags?post=2501"}],"curies":[{"name":"wp","href":"https:\/\/api.w.org\/{rel}","templated":true}]}}