{"id":2208,"date":"2020-10-16T16:50:42","date_gmt":"2020-10-16T19:50:42","guid":{"rendered":"https:\/\/cirandadefilmes.com.br\/cirandacirandinha\/cirandacirandinha\/?p=2208"},"modified":"2020-11-04T16:42:10","modified_gmt":"2020-11-04T19:42:10","slug":"eleicoes","status":"publish","type":"post","link":"https:\/\/cirandadefilmes.com.br\/cirandacirandinha\/eleicoes\/","title":{"rendered":"Elei\u00e7\u00f5es"},"content":{"rendered":"\n<div class=\"wp-block-columns alignwide is-layout-flex wp-container-core-columns-is-layout-9d6595d7 wp-block-columns-is-layout-flex\">\n<div class=\"wp-block-column is-layout-flow wp-block-column-is-layout-flow\" style=\"flex-basis:66.66%\">\n<p style=\"font-size:16px\"><strong>document\u00e1rio, Brasil, 2018, 100 min, 12 anos<\/strong><br><strong>sugest\u00e3o: 12+<br><\/strong><br>\u00c9 \u00e9poca de elei\u00e7\u00f5es para o gr\u00eamio estudantil. Secundaristas se organizam para a corrida eleitoral. Quatro grupos de estudantes, com opini\u00f5es e vis\u00f5es de mundo diferentes, criam propostas, debatem estrat\u00e9gias de campanha e lutam por melhorias na escola. Os conflitos e tens\u00f5es entre as chapas revelam suas diferen\u00e7as pol\u00edticas, e a contund\u00eancia da realidade cotidiana convive com a resist\u00eancia do sonho, da amizade e do direito de criar caminhos para o mundo em que se acredita.<\/p>\n\n\n\n<h5 class=\"wp-block-heading\">dispon\u00edvel de 11 a 18 nov.<\/h5>\n\n\n\n<div class=\"wp-block-buttons is-layout-flex wp-block-buttons-is-layout-flex\">\n<div class=\"wp-block-button is-style-fill\"><a class=\"wp-block-button__link\" href=\"https:\/\/innsaei.tv\/#\/detalhes\/5f749e38-03ed-4ade-bec8-0b7683d3a24a\" target=\"_blank\" rel=\"noreferrer noopener\">clique aqui para assistir<\/a><\/div>\n<\/div>\n\n\n\n<div style=\"height:40px\" aria-hidden=\"true\" class=\"wp-block-spacer\"><\/div>\n\n\n\n<h3 class=\"has-normal-font-size wp-block-heading\">trailer<\/h3>\n\n\n\n<figure class=\"wp-block-embed-vimeo wp-block-embed is-type-video is-provider-vimeo wp-embed-aspect-21-9 wp-has-aspect-ratio\"><div class=\"wp-block-embed__wrapper\">\n<iframe loading=\"lazy\" title=\"Elei\u00e7\u00f5es \/ Elections (teaser)\" src=\"https:\/\/player.vimeo.com\/video\/298137122?dnt=1&amp;app_id=122963\" width=\"580\" height=\"243\" frameborder=\"0\" allow=\"autoplay; fullscreen; picture-in-picture; clipboard-write\"><\/iframe>\n<\/div><\/figure>\n\n\n\n<p><\/p>\n<\/div>\n\n\n\n<div class=\"wp-block-column is-layout-flow wp-block-column-is-layout-flow\" style=\"flex-basis:33.33%\">\n<p style=\"font-size:14px\">Dire\u00e7\u00e3o : Alice Riff<br>Produ\u00e7\u00e3o Executiva : Heverton Lima<br>Montagem : Yuri Amaral<br>Dire\u00e7\u00e3o de Fotografia : Vinicius Berger<br>Diretora de Produ\u00e7\u00e3o : Joyce Prado<br>Assistente de Dire\u00e7\u00e3o : Vinicius Silva<br>Som Direto : Marina Bruno<br>Roteiro : Alice Riff e Vanessa Fort<br>Desenho de Som : Daniel Turini e Fernando Henna<\/p>\n\n\n\n<p style=\"font-size:14px\"><\/p>\n<\/div>\n<\/div>\n\n\n\n<p><\/p>\n","protected":false},"excerpt":{"rendered":"<p>document\u00e1rio, Brasil, 2018, 100 min, 12 anos<br \/>\n<b>sugest\u00e3o: 12+<\/b><br \/>\n<br \/><span>de 11 a 18 nov.<\/span><\/p>\n","protected":false},"author":2,"featured_media":2209,"comment_status":"closed","ping_status":"closed","sticky":false,"template":"","format":"standard","meta":{"_mo_disable_npp":"","footnotes":""},"categories":[3,23],"tags":[],"class_list":["post-2208","post","type-post","status-publish","format-standard","has-post-thumbnail","hentry","category-filmes","category-jovens-na-politica"],"_links":{"self":[{"href":"https:\/\/cirandadefilmes.com.br\/cirandacirandinha\/wp-json\/wp\/v2\/posts\/2208","targetHints":{"allow":["GET"]}}],"collection":[{"href":"https:\/\/cirandadefilmes.com.br\/cirandacirandinha\/wp-json\/wp\/v2\/posts"}],"about":[{"href":"https:\/\/cirandadefilmes.com.br\/cirandacirandinha\/wp-json\/wp\/v2\/types\/post"}],"author":[{"embeddable":true,"href":"https:\/\/cirandadefilmes.com.br\/cirandacirandinha\/wp-json\/wp\/v2\/users\/2"}],"replies":[{"embeddable":true,"href":"https:\/\/cirandadefilmes.com.br\/cirandacirandinha\/wp-json\/wp\/v2\/comments?post=2208"}],"version-history":[{"count":8,"href":"https:\/\/cirandadefilmes.com.br\/cirandacirandinha\/wp-json\/wp\/v2\/posts\/2208\/revisions"}],"predecessor-version":[{"id":3947,"href":"https:\/\/cirandadefilmes.com.br\/cirandacirandinha\/wp-json\/wp\/v2\/posts\/2208\/revisions\/3947"}],"wp:featuredmedia":[{"embeddable":true,"href":"https:\/\/cirandadefilmes.com.br\/cirandacirandinha\/wp-json\/wp\/v2\/media\/2209"}],"wp:attachment":[{"href":"https:\/\/cirandadefilmes.com.br\/cirandacirandinha\/wp-json\/wp\/v2\/media?parent=2208"}],"wp:term":[{"taxonomy":"category","embeddable":true,"href":"https:\/\/cirandadefilmes.com.br\/cirandacirandinha\/wp-json\/wp\/v2\/categories?post=2208"},{"taxonomy":"post_tag","embeddable":true,"href":"https:\/\/cirandadefilmes.com.br\/cirandacirandinha\/wp-json\/wp\/v2\/tags?post=2208"}],"curies":[{"name":"wp","href":"https:\/\/api.w.org\/{rel}","templated":true}]}}