{"id":2192,"date":"2020-10-16T15:54:58","date_gmt":"2020-10-16T18:54:58","guid":{"rendered":"https:\/\/cirandadefilmes.com.br\/cirandacirandinha\/cirandacirandinha\/?p=2192"},"modified":"2020-11-04T16:49:47","modified_gmt":"2020-11-04T19:49:47","slug":"a-familia-dionti","status":"publish","type":"post","link":"https:\/\/cirandadefilmes.com.br\/cirandacirandinha\/a-familia-dionti\/","title":{"rendered":"A fam\u00edlia Dionti"},"content":{"rendered":"\n<div class=\"wp-block-columns alignwide is-layout-flex wp-container-core-columns-is-layout-9d6595d7 wp-block-columns-is-layout-flex\">\n<div class=\"wp-block-column is-layout-flow wp-block-column-is-layout-flow\" style=\"flex-basis:66.66%\">\n<p style=\"font-size:16px\"><strong>fic\u00e7\u00e3o, Brasil, 2015, 97 min, livre<\/strong><br><strong>sugest\u00e3o: 5+<br><\/strong><br>Original e po\u00e9tico, A Fam\u00edlia Dionti narra a fant\u00e1stica hist\u00f3ria de um pai e seus dois filhos, Kelton, de 13 anos, e Serino, de 15, que vivem em um s\u00edtio no interior de Minas Gerais. A m\u00e3e n\u00e3o mora mais com eles, pois derreteu de amor, evaporou e partiu. Enquanto sonha com a volta da mulher a cada chuva que cai, o pai cuida dos filhos com olhar atento, preocupado com a possibilidade de que tenham herdado o dom da m\u00e3e. Mas Serino \u00e9 seco e chora gr\u00e3os de areia. J\u00e1 Kelton, ao se apaixonar pela primeira vez por uma garota de circo, literalmente se liquefaz de amor. A Fam\u00edlia Dionti retrata de forma especial o tema universal da descoberta do amor, sem deixar de lado as cores regionais do interior do Brasil contempor\u00e2neo.<\/p>\n\n\n\n<div class=\"wp-block-buttons is-layout-flex wp-block-buttons-is-layout-flex\">\n<div class=\"wp-block-button is-style-fill\"><a class=\"wp-block-button__link\" href=\"https:\/\/innsaei.tv\/#\/detalhes\/76c9136a-0f90-429c-9c6f-56b3d4e94457\" target=\"_blank\" rel=\"noreferrer noopener\">clique aqui para assistir<\/a><\/div>\n<\/div>\n\n\n\n<div style=\"height:40px\" aria-hidden=\"true\" class=\"wp-block-spacer\"><\/div>\n\n\n\n<h3 class=\"has-normal-font-size wp-block-heading\">trailer<\/h3>\n\n\n\n<figure class=\"wp-block-embed-youtube wp-block-embed is-type-video is-provider-youtube wp-embed-aspect-4-3 wp-has-aspect-ratio wp-embed-aspect-16-9\"><div class=\"wp-block-embed__wrapper\">\n<iframe loading=\"lazy\" title=\"A Fam\u00edlia Dionti | Trailer Oficial\" width=\"580\" height=\"326\" src=\"https:\/\/www.youtube.com\/embed\/MY33Xvdk7C8?feature=oembed\" frameborder=\"0\" allow=\"accelerometer; autoplay; clipboard-write; encrypted-media; gyroscope; picture-in-picture; web-share\" referrerpolicy=\"strict-origin-when-cross-origin\" allowfullscreen><\/iframe>\n<\/div><\/figure>\n\n\n\n<p><\/p>\n<\/div>\n\n\n\n<div class=\"wp-block-column is-layout-flow wp-block-column-is-layout-flow\" style=\"flex-basis:33.33%\">\n<p style=\"font-size:14px\">Roteiro e Dire\u00e7\u00e3o : Alan Minas<br>Produ\u00e7\u00e3o : Daniela Vitorino<br>Coprodu\u00e7\u00e3o : Emily Morgan e Roni Rodrigues<br>Montagem : Livia Serpa<br>Dire\u00e7\u00e3o de Fotografia : Guga Millet<br>Trilha Sonora : Clower Curtis<br>Design Gr\u00e1fico e Anima\u00e7\u00e3o : Patricia Alves Dias e Valerycka Rizzo<br>Produ\u00e7\u00e3o : Caraminhola Filmes<br>Coprodu\u00e7\u00e3o : Canal Brasil, Hero Films e Quiddity Films<br>Distribui\u00e7\u00e3o : Arthouse \/ Vitrine<\/p>\n<\/div>\n<\/div>\n\n\n\n<p><\/p>\n","protected":false},"excerpt":{"rendered":"<p>fic\u00e7\u00e3o, Brasil, 2015, 97 min, livre<br \/>\n<b>sugest\u00e3o: 5+<\/b><\/p>\n","protected":false},"author":2,"featured_media":2195,"comment_status":"closed","ping_status":"closed","sticky":false,"template":"","format":"standard","meta":{"_mo_disable_npp":"","footnotes":""},"categories":[17,3],"tags":[],"class_list":["post-2192","post","type-post","status-publish","format-standard","has-post-thumbnail","hentry","category-de-novo","category-filmes"],"_links":{"self":[{"href":"https:\/\/cirandadefilmes.com.br\/cirandacirandinha\/wp-json\/wp\/v2\/posts\/2192","targetHints":{"allow":["GET"]}}],"collection":[{"href":"https:\/\/cirandadefilmes.com.br\/cirandacirandinha\/wp-json\/wp\/v2\/posts"}],"about":[{"href":"https:\/\/cirandadefilmes.com.br\/cirandacirandinha\/wp-json\/wp\/v2\/types\/post"}],"author":[{"embeddable":true,"href":"https:\/\/cirandadefilmes.com.br\/cirandacirandinha\/wp-json\/wp\/v2\/users\/2"}],"replies":[{"embeddable":true,"href":"https:\/\/cirandadefilmes.com.br\/cirandacirandinha\/wp-json\/wp\/v2\/comments?post=2192"}],"version-history":[{"count":5,"href":"https:\/\/cirandadefilmes.com.br\/cirandacirandinha\/wp-json\/wp\/v2\/posts\/2192\/revisions"}],"predecessor-version":[{"id":3954,"href":"https:\/\/cirandadefilmes.com.br\/cirandacirandinha\/wp-json\/wp\/v2\/posts\/2192\/revisions\/3954"}],"wp:featuredmedia":[{"embeddable":true,"href":"https:\/\/cirandadefilmes.com.br\/cirandacirandinha\/wp-json\/wp\/v2\/media\/2195"}],"wp:attachment":[{"href":"https:\/\/cirandadefilmes.com.br\/cirandacirandinha\/wp-json\/wp\/v2\/media?parent=2192"}],"wp:term":[{"taxonomy":"category","embeddable":true,"href":"https:\/\/cirandadefilmes.com.br\/cirandacirandinha\/wp-json\/wp\/v2\/categories?post=2192"},{"taxonomy":"post_tag","embeddable":true,"href":"https:\/\/cirandadefilmes.com.br\/cirandacirandinha\/wp-json\/wp\/v2\/tags?post=2192"}],"curies":[{"name":"wp","href":"https:\/\/api.w.org\/{rel}","templated":true}]}}