{"id":2165,"date":"2020-10-16T11:37:34","date_gmt":"2020-10-16T14:37:34","guid":{"rendered":"https:\/\/cirandadefilmes.com.br\/cirandacirandinha\/cirandacirandinha\/?p=2165"},"modified":"2020-11-04T19:55:11","modified_gmt":"2020-11-04T22:55:11","slug":"plantae","status":"publish","type":"post","link":"https:\/\/cirandadefilmes.com.br\/cirandacirandinha\/plantae\/","title":{"rendered":"Plantae"},"content":{"rendered":"\n<div class=\"wp-block-columns alignwide is-layout-flex wp-container-core-columns-is-layout-9d6595d7 wp-block-columns-is-layout-flex\">\n<div class=\"wp-block-column is-layout-flow wp-block-column-is-layout-flow\" style=\"flex-basis:66.66%\">\n<p style=\"font-size:16px\"><strong>anima\u00e7\u00e3o, Brasil, 2017, 10 min, livre<\/strong><br><strong>sugest\u00e3o: 7+<\/strong><\/p>\n\n\n\n<p>Ao cortar uma grande \u00e1rvore no interior da floresta amaz\u00f4nica, um madeireiro contempla uma inesperada rea\u00e7\u00e3o da natureza. Uma reflex\u00e3o sobre as consequ\u00eancias irrevers\u00edveis do desmatamento e da subjuga\u00e7\u00e3o lament\u00e1vel dos humanos aos demais seres da Terra.<\/p>\n\n\n\n<div class=\"wp-block-buttons is-layout-flex wp-block-buttons-is-layout-flex\">\n<div class=\"wp-block-button is-style-fill\"><a class=\"wp-block-button__link\" href=\"https:\/\/innsaei.tv\/#\/detalhes\/a8fc7199-fa8e-42ee-aba0-b14efd0ce519\" target=\"_blank\" rel=\"noreferrer noopener\">clique para assistir<\/a><\/div>\n<\/div>\n\n\n\n<div style=\"height:40px\" aria-hidden=\"true\" class=\"wp-block-spacer\"><\/div>\n\n\n\n<h3 class=\"has-normal-font-size wp-block-heading\"><\/h3>\n\n\n\n<p><\/p>\n\n\n\n<p><\/p>\n<\/div>\n\n\n\n<div class=\"wp-block-column is-layout-flow wp-block-column-is-layout-flow\" style=\"flex-basis:33.33%\">\n<p style=\"font-size:14px\">Argumento, Dire\u00e7\u00e3o e Anima\u00e7\u00f5es : Guilherme Gehr<br>Desenho de Som e Mixagem : Breno Furtado<br>Produ\u00e7\u00e3o Executiva : Fernando Gehr<br>Apoio de Produ\u00e7\u00e3o : Ariane Romanha Melato<br>M\u00fasicas : Ludovico Einaudi e Alexandra Streliski<\/p>\n\n\n\n<p style=\"font-size:14px\"><\/p>\n<\/div>\n<\/div>\n\n\n\n<p><\/p>\n","protected":false},"excerpt":{"rendered":"<p>Anima\u00e7\u00e3o, Brasil, 2017, 10 min, livre<br \/>\n<b>sugest\u00e3o: 7+ <\/b><\/p>\n","protected":false},"author":2,"featured_media":2166,"comment_status":"closed","ping_status":"closed","sticky":false,"template":"","format":"standard","meta":{"_mo_disable_npp":"","footnotes":""},"categories":[16,34,3],"tags":[],"class_list":["post-2165","post","type-post","status-publish","format-standard","has-post-thumbnail","hentry","category-categoria_01","category-curtas-programa-2","category-filmes"],"_links":{"self":[{"href":"https:\/\/cirandadefilmes.com.br\/cirandacirandinha\/wp-json\/wp\/v2\/posts\/2165","targetHints":{"allow":["GET"]}}],"collection":[{"href":"https:\/\/cirandadefilmes.com.br\/cirandacirandinha\/wp-json\/wp\/v2\/posts"}],"about":[{"href":"https:\/\/cirandadefilmes.com.br\/cirandacirandinha\/wp-json\/wp\/v2\/types\/post"}],"author":[{"embeddable":true,"href":"https:\/\/cirandadefilmes.com.br\/cirandacirandinha\/wp-json\/wp\/v2\/users\/2"}],"replies":[{"embeddable":true,"href":"https:\/\/cirandadefilmes.com.br\/cirandacirandinha\/wp-json\/wp\/v2\/comments?post=2165"}],"version-history":[{"count":5,"href":"https:\/\/cirandadefilmes.com.br\/cirandacirandinha\/wp-json\/wp\/v2\/posts\/2165\/revisions"}],"predecessor-version":[{"id":4010,"href":"https:\/\/cirandadefilmes.com.br\/cirandacirandinha\/wp-json\/wp\/v2\/posts\/2165\/revisions\/4010"}],"wp:featuredmedia":[{"embeddable":true,"href":"https:\/\/cirandadefilmes.com.br\/cirandacirandinha\/wp-json\/wp\/v2\/media\/2166"}],"wp:attachment":[{"href":"https:\/\/cirandadefilmes.com.br\/cirandacirandinha\/wp-json\/wp\/v2\/media?parent=2165"}],"wp:term":[{"taxonomy":"category","embeddable":true,"href":"https:\/\/cirandadefilmes.com.br\/cirandacirandinha\/wp-json\/wp\/v2\/categories?post=2165"},{"taxonomy":"post_tag","embeddable":true,"href":"https:\/\/cirandadefilmes.com.br\/cirandacirandinha\/wp-json\/wp\/v2\/tags?post=2165"}],"curies":[{"name":"wp","href":"https:\/\/api.w.org\/{rel}","templated":true}]}}