{"id":2152,"date":"2020-10-16T11:22:13","date_gmt":"2020-10-16T14:22:13","guid":{"rendered":"https:\/\/cirandadefilmes.com.br\/cirandacirandinha\/cirandacirandinha\/?p=2152"},"modified":"2020-11-04T18:14:16","modified_gmt":"2020-11-04T21:14:16","slug":"o-morro-da-guerra-eterna","status":"publish","type":"post","link":"https:\/\/cirandadefilmes.com.br\/cirandacirandinha\/o-morro-da-guerra-eterna\/","title":{"rendered":"O morro da guerra eterna"},"content":{"rendered":"\n<div class=\"wp-block-columns alignwide is-layout-flex wp-container-core-columns-is-layout-9d6595d7 wp-block-columns-is-layout-flex\">\n<div class=\"wp-block-column is-layout-flow wp-block-column-is-layout-flow\" style=\"flex-basis:66.66%\">\n<p style=\"font-size:16px\"><strong>anima\u00e7\u00e3o, Brasil, 2011, 6 min<\/strong>, <strong>livre<\/strong><br><strong>sugest\u00e3o: 10+<\/strong><\/p>\n\n\n\n<p>A lenda diz que, todo Natal, aproximadamente \u00e0 meia-noite, os ex\u00e9rcitos da Guerra Civil Brit\u00e2nica voltam do al\u00e9m para se enfrentar em uma guerra sem fim, na colina de Edgehill. Tim resolveu ver de perto se essa lenda \u00e9 verdade ou lorota.&nbsp;<\/p>\n\n\n\n<div class=\"wp-block-buttons is-layout-flex wp-block-buttons-is-layout-flex\">\n<div class=\"wp-block-button is-style-fill\"><a class=\"wp-block-button__link\" href=\"https:\/\/innsaei.tv\/#\/detalhes\/583c4935-7be9-405b-8fd4-b7190d566509\" target=\"_blank\" rel=\"noreferrer noopener\">clique aqui para assistir<\/a><\/div>\n<\/div>\n\n\n\n<div style=\"height:40px\" aria-hidden=\"true\" class=\"wp-block-spacer\"><\/div>\n\n\n\n<h3 class=\"has-normal-font-size wp-block-heading\"><\/h3>\n\n\n\n<p><\/p>\n\n\n\n<p><\/p>\n<\/div>\n\n\n\n<div class=\"wp-block-column is-layout-flow wp-block-column-is-layout-flow\" style=\"flex-basis:33.33%\">\n<p style=\"font-size:14px\">Roteirista, Diretor e Produtor : Mauro D`Addio<br>Animador : F\u00e1bio Yamaji<br>Fot\u00f3grafo : Ot\u00e1vio Puppo<br>Produtor Executivo : Thomas Miguez<br>Produtor : Regina Albano<br>Bonecos : Ana Maria (Nan\u00e1) Lavander e Gal Gruman<br>Composi\u00e7\u00e3o Musical E Sound Designer : Eduardo Queiroz e Felipe Alexandre<br>Finaliza\u00e7\u00e3o De Imagem : Ricardo Kod\u00f3<br>Cen\u00e1rio : J\u00falio Dojcsar<br>Dire\u00e7\u00e3o De Arte\/ Vozes : Mauro D`Addio<br>Coprodu\u00e7\u00e3o : Hora M\u00e1gica Filmes &amp; Realejo Filmes<\/p>\n<\/div>\n<\/div>\n\n\n\n<p><\/p>\n","protected":false},"excerpt":{"rendered":"<p>anima\u00e7\u00e3o, Brasil, 2011, 6 min, livre<br \/>\n<b>sugest\u00e3o: 10+<\/b><\/p>\n","protected":false},"author":2,"featured_media":2154,"comment_status":"closed","ping_status":"closed","sticky":false,"template":"","format":"standard","meta":{"_mo_disable_npp":"","footnotes":""},"categories":[16,34,3],"tags":[],"class_list":["post-2152","post","type-post","status-publish","format-standard","has-post-thumbnail","hentry","category-categoria_01","category-curtas-programa-2","category-filmes"],"_links":{"self":[{"href":"https:\/\/cirandadefilmes.com.br\/cirandacirandinha\/wp-json\/wp\/v2\/posts\/2152","targetHints":{"allow":["GET"]}}],"collection":[{"href":"https:\/\/cirandadefilmes.com.br\/cirandacirandinha\/wp-json\/wp\/v2\/posts"}],"about":[{"href":"https:\/\/cirandadefilmes.com.br\/cirandacirandinha\/wp-json\/wp\/v2\/types\/post"}],"author":[{"embeddable":true,"href":"https:\/\/cirandadefilmes.com.br\/cirandacirandinha\/wp-json\/wp\/v2\/users\/2"}],"replies":[{"embeddable":true,"href":"https:\/\/cirandadefilmes.com.br\/cirandacirandinha\/wp-json\/wp\/v2\/comments?post=2152"}],"version-history":[{"count":3,"href":"https:\/\/cirandadefilmes.com.br\/cirandacirandinha\/wp-json\/wp\/v2\/posts\/2152\/revisions"}],"predecessor-version":[{"id":3985,"href":"https:\/\/cirandadefilmes.com.br\/cirandacirandinha\/wp-json\/wp\/v2\/posts\/2152\/revisions\/3985"}],"wp:featuredmedia":[{"embeddable":true,"href":"https:\/\/cirandadefilmes.com.br\/cirandacirandinha\/wp-json\/wp\/v2\/media\/2154"}],"wp:attachment":[{"href":"https:\/\/cirandadefilmes.com.br\/cirandacirandinha\/wp-json\/wp\/v2\/media?parent=2152"}],"wp:term":[{"taxonomy":"category","embeddable":true,"href":"https:\/\/cirandadefilmes.com.br\/cirandacirandinha\/wp-json\/wp\/v2\/categories?post=2152"},{"taxonomy":"post_tag","embeddable":true,"href":"https:\/\/cirandadefilmes.com.br\/cirandacirandinha\/wp-json\/wp\/v2\/tags?post=2152"}],"curies":[{"name":"wp","href":"https:\/\/api.w.org\/{rel}","templated":true}]}}