{"id":2136,"date":"2020-10-16T11:11:58","date_gmt":"2020-10-16T14:11:58","guid":{"rendered":"https:\/\/cirandadefilmes.com.br\/cirandacirandinha\/cirandacirandinha\/?p=2136"},"modified":"2020-10-26T19:53:39","modified_gmt":"2020-10-26T22:53:39","slug":"mitos-indigenas-travessia","status":"publish","type":"post","link":"https:\/\/cirandadefilmes.com.br\/cirandacirandinha\/mitos-indigenas-travessia\/","title":{"rendered":"Mitos ind\u00edgenas em travessia"},"content":{"rendered":"\n<div class=\"wp-block-columns alignwide is-layout-flex wp-container-core-columns-is-layout-9d6595d7 wp-block-columns-is-layout-flex\">\n<div class=\"wp-block-column is-layout-flow wp-block-column-is-layout-flow\" style=\"flex-basis:66.66%\">\n<p style=\"font-size:16px\"><strong>anima\u00e7\u00e3o, Brasil, 2019, 22 min, livre<\/strong><br><strong>sugest\u00e3o: 5+<\/strong><\/p>\n\n\n\n<p style=\"font-size:16px\">Seis hist\u00f3rias ind\u00edgenas dos tempos antigos das etnias Kuikuro (Aldeia Afukuri, Terra\u00cdnd\u00edgena Parque do Xingu, Mato Grosso), Java\u00e9 (Aldeia S\u00e3o Jo\u00e3o, Terra Ind\u00edgena Parque do Araguaia, Ilha do Bananal, Tocantins) e Kadiw\u00e9u (Aldeia S\u00e3o Jo\u00e3o, Terra Ind\u00edgena Kadiw\u00e9u, Mato Grosso do Sul). Entre as hist\u00f3rias: A Ema, O Menino-Peixe, As Mulheres Sem Rosto, A Via L\u00e1ctea, A Menina Cobra, e O Urubu Rei.<\/p>\n\n\n\n<div class=\"wp-block-buttons is-layout-flex wp-block-buttons-is-layout-flex\">\n<div class=\"wp-block-button is-style-fill\"><a class=\"wp-block-button__link\" href=\"\" target=\"_blank\" rel=\"noreferrer noopener\">clique para assistir &gt;<\/a><\/div>\n<\/div>\n\n\n\n<div style=\"height:40px\" aria-hidden=\"true\" class=\"wp-block-spacer\"><\/div>\n\n\n\n<h3 class=\"has-normal-font-size wp-block-heading\"><\/h3>\n\n\n\n<p><\/p>\n\n\n\n<p><\/p>\n<\/div>\n\n\n\n<div class=\"wp-block-column is-layout-flow wp-block-column-is-layout-flow\" style=\"flex-basis:33.33%\">\n<p style=\"font-size:14px\">Roteiro e Dire\u00e7\u00e3o : Julia Vellutini e Wesley Rodrigues em colabora\u00e7\u00e3o com as comunidades da Aldeia Afukuri (Kuikuro), Aldeia S\u00e3o Jo\u00e3o (Java\u00e9) e Aldeia S\u00e3o Jo\u00e3o (Kadiw\u00e9u).<br>Produtora : Zureta Filmes<br>Produ\u00e7\u00e3o Executiva : Julia Vellutini e Carol Moraes<br>Arte e Anima\u00e7\u00e3o : Wesley Rodrigues<br>Dire\u00e7\u00e3o de Fotografia : Eduardo Makino<br>Montagem : Julia Vellutini<br>Anima\u00e7\u00e3o : Wesley Rodrigues<br>Trilha Sonora e Sound Design : Thiago Duar<\/p>\n<\/div>\n<\/div>\n\n\n\n<p><\/p>\n","protected":false},"excerpt":{"rendered":"<p>anima\u00e7\u00e3o, Brasil, 2019, 22 min, livre<br \/>\n<b>sugest\u00e3o: 5+<\/b><\/p>\n","protected":false},"author":2,"featured_media":2146,"comment_status":"closed","ping_status":"closed","sticky":false,"template":"","format":"standard","meta":{"_mo_disable_npp":"","footnotes":""},"categories":[16,38,3],"tags":[],"class_list":["post-2136","post","type-post","status-publish","format-standard","has-post-thumbnail","hentry","category-categoria_01","category-curtas-programa-6","category-filmes"],"_links":{"self":[{"href":"https:\/\/cirandadefilmes.com.br\/cirandacirandinha\/wp-json\/wp\/v2\/posts\/2136","targetHints":{"allow":["GET"]}}],"collection":[{"href":"https:\/\/cirandadefilmes.com.br\/cirandacirandinha\/wp-json\/wp\/v2\/posts"}],"about":[{"href":"https:\/\/cirandadefilmes.com.br\/cirandacirandinha\/wp-json\/wp\/v2\/types\/post"}],"author":[{"embeddable":true,"href":"https:\/\/cirandadefilmes.com.br\/cirandacirandinha\/wp-json\/wp\/v2\/users\/2"}],"replies":[{"embeddable":true,"href":"https:\/\/cirandadefilmes.com.br\/cirandacirandinha\/wp-json\/wp\/v2\/comments?post=2136"}],"version-history":[{"count":4,"href":"https:\/\/cirandadefilmes.com.br\/cirandacirandinha\/wp-json\/wp\/v2\/posts\/2136\/revisions"}],"predecessor-version":[{"id":3525,"href":"https:\/\/cirandadefilmes.com.br\/cirandacirandinha\/wp-json\/wp\/v2\/posts\/2136\/revisions\/3525"}],"wp:featuredmedia":[{"embeddable":true,"href":"https:\/\/cirandadefilmes.com.br\/cirandacirandinha\/wp-json\/wp\/v2\/media\/2146"}],"wp:attachment":[{"href":"https:\/\/cirandadefilmes.com.br\/cirandacirandinha\/wp-json\/wp\/v2\/media?parent=2136"}],"wp:term":[{"taxonomy":"category","embeddable":true,"href":"https:\/\/cirandadefilmes.com.br\/cirandacirandinha\/wp-json\/wp\/v2\/categories?post=2136"},{"taxonomy":"post_tag","embeddable":true,"href":"https:\/\/cirandadefilmes.com.br\/cirandacirandinha\/wp-json\/wp\/v2\/tags?post=2136"}],"curies":[{"name":"wp","href":"https:\/\/api.w.org\/{rel}","templated":true}]}}