{"id":2116,"date":"2020-10-16T09:32:55","date_gmt":"2020-10-16T12:32:55","guid":{"rendered":"https:\/\/cirandadefilmes.com.br\/cirandacirandinha\/cirandacirandinha\/?p=2116"},"modified":"2020-10-26T19:51:19","modified_gmt":"2020-10-26T22:51:19","slug":"lapis-de-cor","status":"publish","type":"post","link":"https:\/\/cirandadefilmes.com.br\/cirandacirandinha\/lapis-de-cor\/","title":{"rendered":"L\u00e1pis-de-cor"},"content":{"rendered":"\n<div class=\"wp-block-columns alignwide is-layout-flex wp-container-core-columns-is-layout-9d6595d7 wp-block-columns-is-layout-flex\">\n<div class=\"wp-block-column is-layout-flow wp-block-column-is-layout-flow\" style=\"flex-basis:66.66%\">\n<p style=\"font-size:16px\"><strong>fic\u00e7\u00e3o, Brasil, 2010, 16 min, livre<\/strong><br><strong>sugest\u00e3o: 5+<\/strong><\/p>\n\n\n\n<p>L\u00e1pis-de-cor conta a hist\u00f3ria de Cl\u00e1udio, um menino pobre de 09 anos que vive sozinho com a m\u00e3e e adora desenhar. Seu pai foi embora h\u00e1 alguns anos e Cl\u00e1udio nutre a ideia de que se um dia fizer um desenho colorido de seu pai ele voltar\u00e1. S\u00f3 que Cl\u00e1udio n\u00e3o tem l\u00e1pis-de-cor. Quando ele finalmente consegue 3 l\u00e1pis de cor m\u00e1gicos, que juntos fazem \u201dtodas as cores do mundo\u201d, sua m\u00e3e s\u00f3 deixa ele usar uma cor por dia. A partir da\u00ed cada cor ter\u00e1 uma influ\u00eancia sobre Cl\u00e1udio, em seu dia e em seu humor, e na fotografia e na arte do filme.<\/p>\n\n\n\n<div class=\"wp-block-buttons is-layout-flex wp-block-buttons-is-layout-flex\">\n<div class=\"wp-block-button is-style-fill\"><a class=\"wp-block-button__link\" href=\"\" target=\"_blank\" rel=\"noreferrer noopener\">clique para assistir &gt;<\/a><\/div>\n<\/div>\n\n\n\n<div style=\"height:40px\" aria-hidden=\"true\" class=\"wp-block-spacer\"><\/div>\n\n\n\n<h3 class=\"has-normal-font-size wp-block-heading\"><\/h3>\n\n\n\n<p><\/p>\n\n\n\n<p><\/p>\n<\/div>\n\n\n\n<div class=\"wp-block-column is-layout-flow wp-block-column-is-layout-flow\" style=\"flex-basis:33.33%\">\n<p style=\"font-size:14px\">Dire\u00e7\u00e3o: Alice Gomes<br>Co-Produ\u00e7\u00e3o : Alice Gomes, Barbara Rangel<br>Fotografia : Ricardo Gomes<br>Roteiro : Alice Gomes<br>Dire\u00e7\u00e3o De Arte : Mayra Sergio<br>Empresa Produtora : Glaz Video<br>Edi\u00e7\u00e3o De Som : Gabriel Pinheiro<br>Montagem : Daniel Garcia<br>Interpreta\u00e7\u00e3o Musical : Lucas Marcier<\/p>\n<\/div>\n<\/div>\n\n\n\n<p><\/p>\n","protected":false},"excerpt":{"rendered":"<p>anima\u00e7\u00e3o, Brasil, 2016, 13 min, livre<br \/>\n<b>sugest\u00e3o: 5+<\/b><\/p>\n","protected":false},"author":2,"featured_media":2117,"comment_status":"closed","ping_status":"closed","sticky":false,"template":"","format":"standard","meta":{"_mo_disable_npp":"","footnotes":""},"categories":[16,37,3],"tags":[],"class_list":["post-2116","post","type-post","status-publish","format-standard","has-post-thumbnail","hentry","category-categoria_01","category-curtas-programa-5","category-filmes"],"_links":{"self":[{"href":"https:\/\/cirandadefilmes.com.br\/cirandacirandinha\/wp-json\/wp\/v2\/posts\/2116","targetHints":{"allow":["GET"]}}],"collection":[{"href":"https:\/\/cirandadefilmes.com.br\/cirandacirandinha\/wp-json\/wp\/v2\/posts"}],"about":[{"href":"https:\/\/cirandadefilmes.com.br\/cirandacirandinha\/wp-json\/wp\/v2\/types\/post"}],"author":[{"embeddable":true,"href":"https:\/\/cirandadefilmes.com.br\/cirandacirandinha\/wp-json\/wp\/v2\/users\/2"}],"replies":[{"embeddable":true,"href":"https:\/\/cirandadefilmes.com.br\/cirandacirandinha\/wp-json\/wp\/v2\/comments?post=2116"}],"version-history":[{"count":5,"href":"https:\/\/cirandadefilmes.com.br\/cirandacirandinha\/wp-json\/wp\/v2\/posts\/2116\/revisions"}],"predecessor-version":[{"id":3523,"href":"https:\/\/cirandadefilmes.com.br\/cirandacirandinha\/wp-json\/wp\/v2\/posts\/2116\/revisions\/3523"}],"wp:featuredmedia":[{"embeddable":true,"href":"https:\/\/cirandadefilmes.com.br\/cirandacirandinha\/wp-json\/wp\/v2\/media\/2117"}],"wp:attachment":[{"href":"https:\/\/cirandadefilmes.com.br\/cirandacirandinha\/wp-json\/wp\/v2\/media?parent=2116"}],"wp:term":[{"taxonomy":"category","embeddable":true,"href":"https:\/\/cirandadefilmes.com.br\/cirandacirandinha\/wp-json\/wp\/v2\/categories?post=2116"},{"taxonomy":"post_tag","embeddable":true,"href":"https:\/\/cirandadefilmes.com.br\/cirandacirandinha\/wp-json\/wp\/v2\/tags?post=2116"}],"curies":[{"name":"wp","href":"https:\/\/api.w.org\/{rel}","templated":true}]}}