{"id":2043,"date":"2020-10-15T19:47:35","date_gmt":"2020-10-15T22:47:35","guid":{"rendered":"https:\/\/cirandadefilmes.com.br\/cirandacirandinha\/cirandacirandinha\/?p=2043"},"modified":"2020-10-22T16:42:34","modified_gmt":"2020-10-22T19:42:34","slug":"dona-cristina-perdeu-a-memoria","status":"publish","type":"post","link":"https:\/\/cirandadefilmes.com.br\/cirandacirandinha\/dona-cristina-perdeu-a-memoria\/","title":{"rendered":"Dona cristina perdeu a mem\u00f3ria"},"content":{"rendered":"\n<div class=\"wp-block-columns alignwide is-layout-flex wp-container-core-columns-is-layout-9d6595d7 wp-block-columns-is-layout-flex\">\n<div class=\"wp-block-column is-layout-flow wp-block-column-is-layout-flow\" style=\"flex-basis:66.66%\">\n<p style=\"font-size:16px\"><strong>fic\u00e7\u00e3o, Brasil, 2002, 13 min<\/strong>, <strong>livre <\/strong><br><strong>sugest\u00e3o: 7+<\/strong><\/p>\n\n\n\n<p>Ant\u00f4nio, um menino de 8 anos, descobre que sua vizinha Cristina, de 80, conta hist\u00f3rias sempre diferentes sobre a sua vida, os nomes de seus parentes e os santos do dia. E Dona Cristina acredita que Ant\u00f4nio pode ajud\u00e1-la a recuperar a mem\u00f3ria perdida.<\/p>\n\n\n\n<p><\/p>\n\n\n\n<div class=\"wp-block-buttons is-layout-flex wp-block-buttons-is-layout-flex\">\n<div class=\"wp-block-button is-style-fill\"><a class=\"wp-block-button__link has-accent-background-color has-background\" target=\"_blank\" rel=\"noreferrer noopener\">clique aqui para assistir ><\/a><\/div>\n<\/div>\n\n\n\n<div style=\"height:40px\" aria-hidden=\"true\" class=\"wp-block-spacer\"><\/div>\n\n\n\n<h3 class=\"wp-block-heading\">trailer<\/h3>\n\n\n\n<figure class=\"wp-block-embed-youtube wp-block-embed is-type-video is-provider-youtube wp-embed-aspect-4-3 wp-has-aspect-ratio\"><div class=\"wp-block-embed__wrapper\">\n<iframe loading=\"lazy\" title=\"Dona Cristina Perdeu a Mem\u00f3ria - TRECHOS\" width=\"580\" height=\"435\" src=\"https:\/\/www.youtube.com\/embed\/gvf-U0kE6M4?feature=oembed\" frameborder=\"0\" allow=\"accelerometer; autoplay; clipboard-write; encrypted-media; gyroscope; picture-in-picture; web-share\" referrerpolicy=\"strict-origin-when-cross-origin\" allowfullscreen><\/iframe>\n<\/div><\/figure>\n<\/div>\n\n\n\n<div class=\"wp-block-column is-layout-flow wp-block-column-is-layout-flow\" style=\"flex-basis:33.33%\">\n<p>Dire\u00e7\u00e3o : Ana Luiza Azevedo<br>Produ\u00e7\u00e3o Executiva : Nora Goulart e Luciana Tomasi<br>Roteiro : Ana Luiza Azevedo, Jorge Furtado e Ros\u00e2ngela Cortinhas<br>Dire\u00e7\u00e3o de Fotografia : Alex Sernambi<br>Dire\u00e7\u00e3o de Arte : Fiapo Barth<br>M\u00fasica : Gustavo Finkler<br>Montagem : Giba Assis Brasil<\/p>\n<\/div>\n<\/div>\n","protected":false},"excerpt":{"rendered":"<p>fic\u00e7\u00e3o, Brasil, 2013, 13 min, livre <br \/>\n<b>sugest\u00e3o: 7+<\/b><\/p>\n","protected":false},"author":2,"featured_media":2055,"comment_status":"closed","ping_status":"closed","sticky":false,"template":"","format":"standard","meta":{"_mo_disable_npp":"","footnotes":""},"categories":[16,40,3],"tags":[],"class_list":["post-2043","post","type-post","status-publish","format-standard","has-post-thumbnail","hentry","category-categoria_01","category-curtas-programa-8","category-filmes"],"_links":{"self":[{"href":"https:\/\/cirandadefilmes.com.br\/cirandacirandinha\/wp-json\/wp\/v2\/posts\/2043","targetHints":{"allow":["GET"]}}],"collection":[{"href":"https:\/\/cirandadefilmes.com.br\/cirandacirandinha\/wp-json\/wp\/v2\/posts"}],"about":[{"href":"https:\/\/cirandadefilmes.com.br\/cirandacirandinha\/wp-json\/wp\/v2\/types\/post"}],"author":[{"embeddable":true,"href":"https:\/\/cirandadefilmes.com.br\/cirandacirandinha\/wp-json\/wp\/v2\/users\/2"}],"replies":[{"embeddable":true,"href":"https:\/\/cirandadefilmes.com.br\/cirandacirandinha\/wp-json\/wp\/v2\/comments?post=2043"}],"version-history":[{"count":11,"href":"https:\/\/cirandadefilmes.com.br\/cirandacirandinha\/wp-json\/wp\/v2\/posts\/2043\/revisions"}],"predecessor-version":[{"id":3275,"href":"https:\/\/cirandadefilmes.com.br\/cirandacirandinha\/wp-json\/wp\/v2\/posts\/2043\/revisions\/3275"}],"wp:featuredmedia":[{"embeddable":true,"href":"https:\/\/cirandadefilmes.com.br\/cirandacirandinha\/wp-json\/wp\/v2\/media\/2055"}],"wp:attachment":[{"href":"https:\/\/cirandadefilmes.com.br\/cirandacirandinha\/wp-json\/wp\/v2\/media?parent=2043"}],"wp:term":[{"taxonomy":"category","embeddable":true,"href":"https:\/\/cirandadefilmes.com.br\/cirandacirandinha\/wp-json\/wp\/v2\/categories?post=2043"},{"taxonomy":"post_tag","embeddable":true,"href":"https:\/\/cirandadefilmes.com.br\/cirandacirandinha\/wp-json\/wp\/v2\/tags?post=2043"}],"curies":[{"name":"wp","href":"https:\/\/api.w.org\/{rel}","templated":true}]}}