{"id":2010,"date":"2020-10-15T18:08:31","date_gmt":"2020-10-15T21:08:31","guid":{"rendered":"https:\/\/cirandadefilmes.com.br\/cirandacirandinha\/cirandacirandinha\/?p=2010"},"modified":"2020-11-04T19:57:49","modified_gmt":"2020-11-04T22:57:49","slug":"ary-y-yo","status":"publish","type":"post","link":"https:\/\/cirandadefilmes.com.br\/cirandacirandinha\/ary-y-yo\/","title":{"rendered":"Ari y Yo"},"content":{"rendered":"\n<div class=\"wp-block-columns alignwide is-layout-flex wp-container-core-columns-is-layout-9d6595d7 wp-block-columns-is-layout-flex\">\n<div class=\"wp-block-column is-layout-flow wp-block-column-is-layout-flow\" style=\"flex-basis:66.66%\">\n<p style=\"font-size:16px\"><strong>document\u00e1rio, Brasil, 2019, 12 min, livre<\/strong><br><strong>sugest\u00e3o: 9+<\/strong><\/p>\n\n\n\n<p>Adriana \u00e9 uma brasileira aspirante a cineasta que viaja a Cuba para estudar document\u00e1rio na famosa Escuela Internacional de Cine y TV. Sem saber falar espanhol, Adriana encontra Arislay, uma esperta e corajosa garota de nove anos, que vive no pequeno Pueblo Textil, um povoado abandonado pelo tempo. \u00c9 ali &#8211; no campo, em uma caverna, ao lado de bichos e das amigas &#8211; que Ari ensina as novas palavras \u00e0 estudante, que faz um filme enquanto aprende.<\/p>\n\n\n\n<div style=\"height:30px\" aria-hidden=\"true\" class=\"wp-block-spacer\"><\/div>\n\n\n\n<h5 class=\"wp-block-heading\">dispon\u00edvel de 04  a 11 nov.<\/h5>\n\n\n\n<div class=\"wp-block-buttons is-layout-flex wp-block-buttons-is-layout-flex\">\n<div class=\"wp-block-button is-style-fill\"><a class=\"wp-block-button__link\" href=\"https:\/\/innsaei.tv\/#\/detalhes\/bf424fc6-ce1e-4b0b-bbec-cefdd4c16dda\" target=\"_blank\" rel=\"noreferrer noopener\">clique aqui para assistir<\/a><\/div>\n<\/div>\n\n\n\n<div style=\"height:40px\" aria-hidden=\"true\" class=\"wp-block-spacer\"><\/div>\n\n\n\n<h3 class=\"has-normal-font-size wp-block-heading\">trailer<\/h3>\n\n\n\n<figure class=\"wp-block-embed-youtube wp-block-embed is-type-rich is-provider-incorporar-manipulador wp-embed-aspect-16-9 wp-has-aspect-ratio\"><div class=\"wp-block-embed__wrapper\">\n<iframe loading=\"lazy\" title=\"Ari y Yo - teaser\" width=\"580\" height=\"326\" src=\"https:\/\/www.youtube.com\/embed\/G2FuHqqbLQk?feature=oembed\" frameborder=\"0\" allow=\"accelerometer; autoplay; clipboard-write; encrypted-media; gyroscope; picture-in-picture; web-share\" referrerpolicy=\"strict-origin-when-cross-origin\" allowfullscreen><\/iframe>\n<\/div><\/figure>\n<\/div>\n\n\n\n<div class=\"wp-block-column is-layout-flow wp-block-column-is-layout-flow\" style=\"flex-basis:33.33%\">\n<p style=\"font-size:14px\">Dire\u00e7\u00e3o : Adriana de Faria<br>Dire\u00e7\u00e3o de Fotografia : Adriana de Faria<br>Roteiro : Adriana de Faria<br>Produ\u00e7\u00e3o : Ariadna Acosta<br>Montagem : Ariadna Liz Pimentel<br>Design gr\u00e1fico : Adriana de Faria e Alexandre Nogueira<\/p>\n<\/div>\n<\/div>\n\n\n\n<p><\/p>\n","protected":false},"excerpt":{"rendered":"<p>document\u00e1rio, Brasil, 2019, 12 min, livre<br \/>\n<b>sugest\u00e3o: 9+<\/b><\/br><br \/>\n<span>de 4 a 11 nov.<\/span><\/p>\n","protected":false},"author":1,"featured_media":2009,"comment_status":"closed","ping_status":"closed","sticky":false,"template":"","format":"standard","meta":{"_mo_disable_npp":"","footnotes":""},"categories":[21,16,42,3],"tags":[],"class_list":["post-2010","post","type-post","status-publish","format-standard","has-post-thumbnail","hentry","category-abertura_jovens_realizadoras","category-categoria_01","category-curtas-programa-10","category-filmes"],"_links":{"self":[{"href":"https:\/\/cirandadefilmes.com.br\/cirandacirandinha\/wp-json\/wp\/v2\/posts\/2010","targetHints":{"allow":["GET"]}}],"collection":[{"href":"https:\/\/cirandadefilmes.com.br\/cirandacirandinha\/wp-json\/wp\/v2\/posts"}],"about":[{"href":"https:\/\/cirandadefilmes.com.br\/cirandacirandinha\/wp-json\/wp\/v2\/types\/post"}],"author":[{"embeddable":true,"href":"https:\/\/cirandadefilmes.com.br\/cirandacirandinha\/wp-json\/wp\/v2\/users\/1"}],"replies":[{"embeddable":true,"href":"https:\/\/cirandadefilmes.com.br\/cirandacirandinha\/wp-json\/wp\/v2\/comments?post=2010"}],"version-history":[{"count":20,"href":"https:\/\/cirandadefilmes.com.br\/cirandacirandinha\/wp-json\/wp\/v2\/posts\/2010\/revisions"}],"predecessor-version":[{"id":4012,"href":"https:\/\/cirandadefilmes.com.br\/cirandacirandinha\/wp-json\/wp\/v2\/posts\/2010\/revisions\/4012"}],"wp:featuredmedia":[{"embeddable":true,"href":"https:\/\/cirandadefilmes.com.br\/cirandacirandinha\/wp-json\/wp\/v2\/media\/2009"}],"wp:attachment":[{"href":"https:\/\/cirandadefilmes.com.br\/cirandacirandinha\/wp-json\/wp\/v2\/media?parent=2010"}],"wp:term":[{"taxonomy":"category","embeddable":true,"href":"https:\/\/cirandadefilmes.com.br\/cirandacirandinha\/wp-json\/wp\/v2\/categories?post=2010"},{"taxonomy":"post_tag","embeddable":true,"href":"https:\/\/cirandadefilmes.com.br\/cirandacirandinha\/wp-json\/wp\/v2\/tags?post=2010"}],"curies":[{"name":"wp","href":"https:\/\/api.w.org\/{rel}","templated":true}]}}