{"id":1886,"date":"2020-10-15T10:16:56","date_gmt":"2020-10-15T13:16:56","guid":{"rendered":"https:\/\/cirandadefilmes.com.br\/cirandacirandinha\/cirandacirandinha\/?p=1886"},"modified":"2021-08-31T15:23:57","modified_gmt":"2021-08-31T18:23:57","slug":"bebelume","status":"publish","type":"post","link":"https:\/\/cirandadefilmes.com.br\/cirandacirandinha\/bebelume\/","title":{"rendered":"BebeLume"},"content":{"rendered":"\r\n<h4 class=\"wp-block-heading\">Desenvolve conte\u00fados para crian\u00e7as de 0 a 5 anos que as possibilite ter uma experi\u00eancia que nutra sua intelig\u00eancia emotiva, corporal e sem\u00e2ntica.<\/h4>\r\n\r\n\r\n\r\n<p>BebeLume \u00e9 uma cria\u00e7\u00e3o surgida da parceria entre Clarice Cardell e Leonardo Hernandes que tiveram seu primeiro encontro no grupo teatral \u201cEsquadr\u00e3o da Vida\u201d dirigido por Ary Para-raios onde protagonizaram o famoso casal Shakespeareano em \u201cNa Rua Com Romeu e Julieta\u201d por cerca de 3 anos no in\u00edcio dos anos 90.<\/p>\r\n\r\n\r\n\r\n<div class=\"wp-block-columns is-layout-flex wp-container-core-columns-is-layout-9d6595d7 wp-block-columns-is-layout-flex\">\r\n<div class=\"wp-block-column is-layout-flow wp-block-column-is-layout-flow\" style=\"flex-basis: 33.33%;\">\r\n<p>Passados quase 20 anos, se reencontraram na vontade de desenvolver conte\u00fados audiovisuais para a primeira inf\u00e2ncia capaz de oferecer uma alternativa po\u00e9tica dentro do espectro da produ\u00e7\u00e3o vigente, principalmente no ambiente da internet, propiciando uma aproxima\u00e7\u00e3o diferente da arte audiovisual e da primeira inf\u00e2ncia.<\/p>\r\n\r\n\r\n\r\n<p>Surge, assim, a ideia de criar o Canal BebeLume para oferecer aos beb\u00eas e crian\u00e7as e seu entorno adulto uma experi\u00eancia est\u00e9tica diferenciada, onde a inf\u00e2ncia \u00e9 tratada com respeito e sensibilidade, contemplando toda a potencialidade po\u00e9tica com a qual nasce o ser humano.<\/p>\r\n<\/div>\r\n\r\n\r\n\r\n<div class=\"wp-block-column is-layout-flow wp-block-column-is-layout-flow\" style=\"flex-basis: 66.66%;\">\r\n<figure class=\"wp-block-embed-youtube aligncenter wp-block-embed is-type-video is-provider-youtube wp-embed-aspect-16-9 wp-has-aspect-ratio\">\r\n<div class=\"wp-block-embed__wrapper\">https:\/\/www.youtube.com\/watch?v=fWnGAfhidLo<\/div>\r\n<\/figure>\r\n<\/div>\r\n<\/div>\r\n\r\n\r\n\r\n<p>&nbsp;<\/p>\r\n\r\n\r\n\r\n<p><strong>Por que criar audiovisual para a primeira inf\u00e2ncia?<\/strong><\/p>\r\n\r\n\r\n\r\n<p>Nossa equipe entende que o lugar de crian\u00e7a \u00e9 no brincar, no afeto e na participa\u00e7\u00e3o em atividades vivas, onde as crian\u00e7as tenham espa\u00e7o para ser sujeitos competentes e sens\u00edveis. Entretanto, sabemos que hoje em dia \u00e9 praticamente imposs\u00edvel de manter as crian\u00e7as blindadas da realidade audiovisual de celulares, tablets ou televisores.<\/p>\r\n\r\n\r\n\r\n<p>Sendo assim, propomos a cria\u00e7\u00e3o de um conte\u00fado audiovisual diferenciado, que tenha sempre o acompanhamento e media\u00e7\u00e3o dos pais e que seja oferecido de forma parcimoniosa. Obras que ofere\u00e7am um momento de compartilhamento e ajam como objeto transacional entre a rela\u00e7\u00e3o dos adultos e crian\u00e7as.<\/p>\r\n\r\n\r\n\r\n<p>Cria\u00e7\u00f5es audiovisuais de qualidade que proporcionem um encontro especial da inf\u00e2ncia com a arte.<\/p>\r\n\r\n\r\n\r\n<p><strong>Protegidos da Publicidade Infantil Abusiva<\/strong><br \/>\u00c9 muito frequente em diferentes plataformas de obras audiovisuais infantis, a publicidade infantil disfar\u00e7ada, incentivando o consumismo na inf\u00e2ncia. Nossa plataforma tem o compromisso de entender a crian\u00e7a como sujeito competente e sens\u00edvel e n\u00e3o como um consumidor de entretenimento.\u00a0<\/p>\r\n\r\n\r\n\r\n<p><strong>N\u00e3o a viol\u00eancia<\/strong><br \/>Nosso canal entende o perigo do impacto de videogames e produ\u00e7\u00f5es audiovisuais violentas na inf\u00e2ncia, que gera comportamento agressivos e diminui\u00e7\u00e3o da empatia e da intera\u00e7\u00e3o social.<\/p>\r\n\r\n\r\n\r\n<p><strong>Estabelecendo limites<\/strong><br \/>\u00c9 importante estabelecer regras e limites no contato audiovisual na inf\u00e2ncia. O limite do tempo \u00e9 uma delas. Cabe ao pai dosar com o bom senso. A orienta\u00e7\u00e3o da AAP (American Academy of Pediatrics) \u00e9 de que o limite di\u00e1rio seja de 1 hora. O resto do tempo \u00e9 sentar e brincar&#8230;<\/p>\r\n\r\n\r\n\r\n<div class=\"wp-block-spacer\" style=\"height: 40px;\" aria-hidden=\"true\">\u00a0<\/div>\r\n\r\n\r\n\r\n<h2 class=\"has-text-align-left wp-block-heading\">Conhe\u00e7a mais o BebeLume<br \/>atrav\u00e9s de suas cria\u00e7\u00f5es.<\/h2>\r\n\r\n\r\n\r\n<h4 class=\"wp-block-heading\"><strong>S\u00e9rie Inspira Fundo &#8211; 1\u00aa Temporada<\/strong><\/h4>\r\n\r\n\r\n\r\n<p>A primeira s\u00e9rie de 12 v\u00eddeos \u00e9 a <strong>Inspira Fundo<\/strong> (Bras\u00edlia-DF, 2018), que foi patrocinada pelo Fundo de Apoio \u00e0 Cultura do Distrito Federal. Passeando por diferentes temas como o nascimento, o quadrado e redondo, o sim e o n\u00e3o entre outros, os v\u00eddeos utilizam a manipula\u00e7\u00e3o de objetos e a trilha sonora original criada por Lupa Marques e Jota, para construir uma narrativa po\u00e9tica criando um mundo de significados imag\u00e9ticos. A dramaturgia, constru\u00eddas pelos objetos, sons e interpreta\u00e7\u00f5es de Clarice e Gabriel Guir\u00e1, est\u00e3o estruturadas a partir dos temas, mas mant\u00e9m a liberdade para a livre da imagina\u00e7\u00e3o dos beb\u00eas.<\/p>\r\n\r\n\r\n\r\n<div class=\"wp-block-columns alignwide is-layout-flex wp-container-core-columns-is-layout-9d6595d7 wp-block-columns-is-layout-flex\">\r\n<div class=\"wp-block-column is-layout-flow wp-block-column-is-layout-flow\">\r\n<figure class=\"wp-block-embed-youtube wp-block-embed is-type-video is-provider-youtube wp-embed-aspect-16-9 wp-has-aspect-ratio\">\r\n<div class=\"wp-block-embed__wrapper\">https:\/\/www.youtube.com\/watch?v=NtLiBRIC2GM<\/div>\r\n<\/figure>\r\n<\/div>\r\n\r\n\r\n\r\n<div class=\"wp-block-column is-layout-flow wp-block-column-is-layout-flow\">\r\n<figure class=\"wp-block-embed-youtube wp-block-embed is-type-video is-provider-youtube wp-embed-aspect-16-9 wp-has-aspect-ratio\">\r\n<div class=\"wp-block-embed__wrapper\">https:\/\/www.youtube.com\/watch?v=IlL_Bw_T16g<\/div>\r\n<\/figure>\r\n<\/div>\r\n\r\n\r\n\r\n<div class=\"wp-block-column is-layout-flow wp-block-column-is-layout-flow\">\r\n<figure class=\"wp-block-embed-youtube wp-block-embed is-type-video is-provider-youtube wp-embed-aspect-16-9 wp-has-aspect-ratio\">\r\n<div class=\"wp-block-embed__wrapper\">https:\/\/www.youtube.com\/watch?v=WonTS16COYA<\/div>\r\n<\/figure>\r\n<\/div>\r\n<\/div>\r\n\r\n\r\n\r\n<p>Os v\u00eddeos s\u00e3o gravados inteiramente em est\u00fadio, com um fundo preto, onde dois atores (um homem e uma mulher) realizam a manipula\u00e7\u00e3o e anima\u00e7\u00e3o de objetos. O protagonismo dos objetos e sua manipula\u00e7\u00e3o privilegiam o aspecto l\u00fadico e formal dos objetos \u201cmatriz\u201d, ou seja, objetos com formas claras, limpas, com cores b\u00e1sicas, facilmente reconhec\u00edveis, onde h\u00e1 espa\u00e7o para o espectador construir a leitura po\u00e9tica e multi- sem\u00e2ntica das din\u00e2micas audiovisuais apresentadas, fazendo uma viagem pelos sentidos visuais, sensoriais, arquet\u00edpicos e mitol\u00f3gicos dos s\u00edmbolos abordados em cada epis\u00f3dio.\u00a0 Os v\u00eddeos levam, atrav\u00e9s de uma conjun\u00e7\u00e3o de constru\u00e7\u00e3o de imagens de objetos manipulados, coordenados com a trilha sonora, a um exerc\u00edcio visual e r\u00edtmico, orquestrados por uma trilha sonora original, composta paralelamente ao processo de elabora\u00e7\u00e3o dos v\u00eddeos. \u00a0Para tal, elementos r\u00edtmicos extra\u00eddos da sonoridade dos pr\u00f3prios objetos, captados no set de filmagem s\u00e3o conjugados com a trilha sonora criada posteriormente em p\u00f3s-produ\u00e7\u00e3o em est\u00fadio, utilizando uma sonoridade dieg\u00e9tica.<\/p>\r\n\r\n\r\n\r\n<p>&nbsp;<\/p>\r\n\r\n\r\n\r\n<p class=\"has-small-font-size\"><strong><u>Ficha T\u00e9cnica<\/u><\/strong><\/p>\r\n\r\n\r\n\r\n<div class=\"wp-block-columns is-layout-flex wp-container-core-columns-is-layout-9d6595d7 wp-block-columns-is-layout-flex\">\r\n<div class=\"wp-block-column is-layout-flow wp-block-column-is-layout-flow\">\r\n<p style=\"font-size: 16px;\"><strong>Roteiro e Dire\u00e7\u00e3o: <\/strong><em>Clarice Cardell<\/em><br \/><strong>Dire\u00e7\u00e3o de Fotografia e Montagem: <\/strong><em>Marcelo Barbosa<\/em><br \/><strong>Trilha Original: <\/strong><em>Lupa Marque e Jota Dale<\/em><br \/><strong>Manipula\u00e7\u00e3o de Objetos e Interpreta\u00e7\u00e3o: <\/strong><em>Clarice Cardell e Gabriel Guir\u00e1<\/em><\/p>\r\n<\/div>\r\n\r\n\r\n\r\n<div class=\"wp-block-column is-layout-flow wp-block-column-is-layout-flow\">\r\n<p style=\"font-size: 16px;\"><strong>Dire\u00e7\u00e3o de Arte: <\/strong><em>Sarah Noda<\/em><br \/><strong>Ilumina\u00e7\u00e3o: <\/strong><em>Carlos Laredo<\/em><br \/><strong>Produ\u00e7\u00e3o Executiva: <\/strong><em>Leonardo Hernandes<\/em><br \/><strong>Assist\u00eancia de Produ\u00e7\u00e3o: <\/strong><em>Tatiana Restrepo,Rodrigo Hudson<\/em><strong>, <\/strong><em>Jonatan Silva<\/em><strong>, <\/strong><em>Herbert Lins.<\/em><\/p>\r\n<\/div>\r\n<\/div>\r\n\r\n\r\n\r\n<div class=\"wp-block-spacer\" style=\"height: 50px;\" aria-hidden=\"true\">\u00a0<\/div>\r\n\r\n\r\n\r\n<h4 class=\"wp-block-heading\"><strong>A S\u00e9rie MAKURU \u2013 Can\u00e7\u00f5es de Ber\u00e7o<\/strong><\/h4>\r\n\r\n\r\n\r\n<div class=\"wp-block-columns is-layout-flex wp-container-core-columns-is-layout-9d6595d7 wp-block-columns-is-layout-flex\">\r\n<div class=\"wp-block-column is-layout-flow wp-block-column-is-layout-flow\">\r\n<p><strong>Makuru: can\u00e7\u00f5es de ber\u00e7o<\/strong>, \u00e9 a segunda serie do Canal Bebelume, onde 10 v\u00eddeos po\u00e9tico-musicais\u00a0 mesclam <em>live-action<\/em> (n\u00e3o-fic\u00e7\u00e3o) e anima\u00e7\u00e3o, em constru\u00e7\u00e3o imag\u00e9tica de can\u00e7\u00f5es de ninar de todas as regi\u00f5es do Brasil. Um personagem-beb\u00ea transita por todos os epis\u00f3dios, buscando e apreciando os v\u00e1rios tipos de viv\u00eancia na primeira inf\u00e2ncia, em di\u00e1logo com as mem\u00f3rias infantis dos adultos que convivem com as crian\u00e7as. Com a colabora\u00e7\u00e3o da pesquisadora Lucilene Silva, a s\u00e9rie aproxima a diversidade musical da influ\u00eancia de diferentes regi\u00f5es do Brasil, focando no repert\u00f3rio instrumental de cada Estado, buscando sonoridades e visualidades elementares de cada lugar, em di\u00e1logo profundo com a sensibilidade infantil, sua capacidade de descoberta atenta sens\u00edvel do mundo.\u00a0<\/p>\r\n<\/div>\r\n\r\n\r\n\r\n<div class=\"wp-block-column is-layout-flow wp-block-column-is-layout-flow\">\r\n<figure class=\"wp-block-embed-youtube wp-block-embed is-type-video is-provider-youtube wp-embed-aspect-16-9 wp-has-aspect-ratio video_max1000\">\r\n<div class=\"wp-block-embed__wrapper\">https:\/\/www.youtube.com\/watch?v=SVkMODLMnzI<\/div>\r\n<\/figure>\r\n<\/div>\r\n<\/div>\r\n\r\n\r\n\r\n<p class=\"has-large-font-size\"><strong>A can\u00e7\u00e3o de ber\u00e7o pode ser considerada <\/strong><br \/><strong>um dos primeiros objetos culturais ao que o ser humano \u00e9 exposto. <\/strong><\/p>\r\n\r\n\r\n\r\n<div class=\"wp-block-spacer\" style=\"height: 30px;\" aria-hidden=\"true\">\u00a0<\/div>\r\n\r\n\r\n\r\n<p>O medo da morte (perdas, despedidas, separa\u00e7\u00f5es), presente nos cuidados maternos, paternos e de outros adultos com as crian\u00e7as pequenas, especialmente com os rec\u00e9m-nascidos penetra as can\u00e7\u00f5es de ninar em diferentes culturas, expressando-se em v\u00e1rios elementos. Neste sentido, a s\u00e9rie contou com uma extensa pesquisa regional em cada contexto de cada can\u00e7\u00e3o, para se aprofundar nas refer\u00eancias est\u00e9ticas de cada contexto cultural, para a elabora\u00e7\u00e3o dos roteiros.<\/p>\r\n\r\n\r\n\r\n<p>A can\u00e7\u00e3o de ninar brasileira \u00e9 uma express\u00e3o que integra v\u00e1rios termos como acalanto, nana-nen\u00ea, dorme-nen\u00ea, can\u00e7\u00e3o ou cantiga de ber\u00e7o, makuru, cantiga de ninar de embalar, de acalentar, todas designa\u00e7\u00f5es brasileiras para as can\u00e7\u00f5es entoadas para conduzir ao sono as crian\u00e7as pequenas. Todas se referem a um mesmo g\u00eanero po\u00e9tico-musical, entretanto h\u00e1 nuances que as diferenciam no campo dos estudos da cultura e da m\u00fasica popular, nos limites e permeabilidades entre as produ\u00e7\u00f5es folcl\u00f3ricas, populares e eruditas. Estas quest\u00f5es permitem uma extensa abordagem na serie, facilitando uma diversidade de leituras da mat\u00e9ria pesquisada em diversas temporadas.<\/p>\r\n\r\n\r\n\r\n<div class=\"wp-block-group\">\r\n<div class=\"wp-block-group__inner-container is-layout-flow wp-block-group-is-layout-flow\">\r\n<p class=\"has-small-font-size\"><strong><u>Ficha T\u00e9cnica<\/u><\/strong><\/p>\r\n\r\n\r\n\r\n<div class=\"wp-block-columns is-layout-flex wp-container-core-columns-is-layout-9d6595d7 wp-block-columns-is-layout-flex\">\r\n<div class=\"wp-block-column is-layout-flow wp-block-column-is-layout-flow\">\r\n<p style=\"font-size: 16px;\"><strong>Dire\u00e7\u00e3o: <\/strong><em>Clarice Cardell<\/em><br \/><strong>Roteiro<\/strong><em>: Clarice Cardell e Vanessa Fort<\/em><br \/><strong>Dire\u00e7\u00e3o de Fotografia: <\/strong><em>Marcelo Barbosa<\/em><br \/><strong>Trilha Original: <\/strong><em>Lupa Marque e Jota Dale<\/em><br \/><strong>Diretor de Arte, Diretor de Anima\u00e7\u00e3o e Montagem:\u00a0 <\/strong><em>Ricardo Makoto<\/em><br \/><strong>Pesquisa Cultura Tradicional da Inf\u00e2ncia: <\/strong><em>Lucilene Silva<\/em><\/p>\r\n<\/div>\r\n\r\n\r\n\r\n<div class=\"wp-block-column is-layout-flow wp-block-column-is-layout-flow\">\r\n<p style=\"font-size: 16px;\"><strong>Assist\u00eacia de Produ\u00e7\u00e3o: <\/strong><em>Juliana Carib\u00e9<\/em><br \/><strong>Coordena\u00e7\u00e3o de Produ\u00e7\u00e3o: <\/strong><em>Leonardo Hernandes<\/em><br \/><strong>Coordena\u00e7\u00e3o Geral: <\/strong><em>Centro da Cultura Popular Brasileira &#8211; CEPOP<\/em><br \/><strong>Co-produ\u00e7\u00e3o: <\/strong><em>Makoto Studio<\/em><br \/><strong>Realiza\u00e7\u00e3o:<\/strong> <em>BebeLume Produ\u00e7\u00f5es Ltda.<\/em><\/p>\r\n<\/div>\r\n<\/div>\r\n<\/div>\r\n<\/div>\r\n\r\n\r\n\r\n<div class=\"wp-block-spacer\" style=\"height: 50px;\" aria-hidden=\"true\">\u00a0<\/div>\r\n\r\n\r\n\r\n<h4 class=\"wp-block-heading\"><strong>S\u00e9rie GR\u00c3O JET\u00ca (em finaliza\u00e7\u00e3o)<\/strong><\/h4>\r\n\r\n\r\n\r\n<div class=\"wp-block-image\">\r\n<figure class=\"alignleft size-full\"><img loading=\"lazy\" decoding=\"async\" width=\"400\" height=\"266\" class=\"wp-image-2752\" src=\"https:\/\/cirandadefilmes.com.br\/cirandacirandinha\/cirandacirandinha\/wp-content\/uploads\/2020\/10\/image.png\" alt=\"\" srcset=\"https:\/\/cirandadefilmes.com.br\/cirandacirandinha\/wp-content\/uploads\/2020\/10\/image.png 400w, https:\/\/cirandadefilmes.com.br\/cirandacirandinha\/wp-content\/uploads\/2020\/10\/image-300x200.png 300w\" sizes=\"auto, (max-width: 400px) 100vw, 400px\" \/><\/figure>\r\n<\/div>\r\n\r\n\r\n\r\n<p>Uma s\u00e9rie de 8 epis\u00f3dios em que a linguagem do v\u00eddeo-dan\u00e7a se relaciona com um p\u00fablico muito especial \u2013 a primeira inf\u00e2ncia. Um mergulho na poesia corporal provocada por sonoridades e movimentos.<\/p>\r\n\r\n\r\n\r\n<p>Utilizando uma trilha sonora totalmente original, partituras corporais s\u00e3o constru\u00eddas a partir de tem\u00e1ticas que dialogam com as crian\u00e7as em seus primeiros anos. Temas como a identidade corporal, o mundo das cores, os animais, a maternidade, a comida, as formas geom\u00e9tricas, ou jogos l\u00fadicos sonoros ou de persegui\u00e7\u00e3o se materializam atrav\u00e9s da colabora\u00e7\u00e3o com diferentes bailarinos.<\/p>\r\n\r\n\r\n\r\n<p>Dan\u00e7a balinesa, contempor\u00e2nea, flamenca ou acrobacias e soul se aproximam do p\u00fablico de adultos e crian\u00e7as, em diferentes estilos para mobilizar e oportunizar a pais, m\u00e3es e crian\u00e7as para viverem conjuntamente uma experi\u00eancia est\u00e9tica inovadora em que todos possam explorar suas possibilidades e pontencialidades.<\/p>\r\n\r\n\r\n\r\n<p>A dan\u00e7a \u00e9 uma manifesta\u00e7\u00e3o art\u00edstica profundamente org\u00e2nica e universal que nos possibilitou produzir imagens capazes de capturar os beb\u00eas por aquilo que eles est\u00e3o aprendendo a dominar: o corpo.<\/p>\r\n\r\n\r\n\r\n<p class=\"has-small-font-size\"><strong><u>Ficha Art\u00edstica<\/u><\/strong><\/p>\r\n\r\n\r\n\r\n<div class=\"wp-block-columns is-layout-flex wp-container-core-columns-is-layout-9d6595d7 wp-block-columns-is-layout-flex\">\r\n<div class=\"wp-block-column is-layout-flow wp-block-column-is-layout-flow\">\r\n<p style=\"font-size: 16px;\"><strong>Roteiro e Dire\u00e7\u00e3o: <\/strong><em>Clarice Cardell<\/em><br \/><strong>Dire\u00e7\u00e3o de Fotografia: <\/strong><em>Marcelo Barbosa<\/em><br \/><strong>Assist\u00eancia de C\u00e2mera: <\/strong><em>Juliana Carib\u00e9<\/em><br \/><strong>Trilha Original<\/strong>: <em>Lupa Marque e Jota Dale<\/em><br \/><strong>Coordena\u00e7\u00e3o Coreogr\u00e1fica<\/strong>: <em>Tiana Oliveira<\/em><br \/><strong>Consultoria Coreogr\u00e1fica: <\/strong><em>Hugo Rodas<\/em><br \/><strong>Assist\u00eancia de Produ\u00e7\u00e3o<\/strong>: <em>Lemar Rezende e Herbert Lins<\/em><\/p>\r\n<\/div>\r\n\r\n\r\n\r\n<div class=\"wp-block-column is-layout-flow wp-block-column-is-layout-flow\">\r\n<p style=\"font-size: 16px;\"><strong>Ilumina\u00e7\u00e3o<\/strong>: <em>James Festenseifer<\/em><br \/><strong>Montagem<\/strong>: <em>Eduardo Garces<\/em><br \/><strong>Produ\u00e7\u00e3o<\/strong>: <em>Leonardo Hernandes<\/em><br \/><strong>Int\u00e9rpretes: <\/strong>\u00a0<em>Tiana Oliveira;<\/em> <em>Fernanda Cabral;<\/em> <em>Edson Beserra; <\/em>\u00a0<em>Elisa Carneiro;<\/em> <em>Ulysses X;<\/em> <em>Cirila Targuetta<\/em>; <em>Ma\u00edra Moraes<\/em>; <em>Daniel Lacourt;<\/em> <em>J\u00falia Henning<\/em><br \/><strong>Realiza\u00e7\u00e3o:<\/strong> <em>BebeLume Produ\u00e7\u00f5es Ltda.<\/em><\/p>\r\n<\/div>\r\n<\/div>\r\n\r\n\r\n\r\n<div class=\"wp-block-image\">\r\n<figure class=\"aligncenter size-large\"><img loading=\"lazy\" decoding=\"async\" width=\"1024\" height=\"682\" class=\"wp-image-2807\" src=\"https:\/\/cirandadefilmes.com.br\/cirandacirandinha\/cirandacirandinha\/wp-content\/uploads\/2020\/10\/13c24133-00f5-4528-aba7-c65492632e58-1024x682.jpeg\" alt=\"\" srcset=\"https:\/\/cirandadefilmes.com.br\/cirandacirandinha\/wp-content\/uploads\/2020\/10\/13c24133-00f5-4528-aba7-c65492632e58-1024x682.jpeg 1024w, https:\/\/cirandadefilmes.com.br\/cirandacirandinha\/wp-content\/uploads\/2020\/10\/13c24133-00f5-4528-aba7-c65492632e58-300x200.jpeg 300w, https:\/\/cirandadefilmes.com.br\/cirandacirandinha\/wp-content\/uploads\/2020\/10\/13c24133-00f5-4528-aba7-c65492632e58-768x512.jpeg 768w, https:\/\/cirandadefilmes.com.br\/cirandacirandinha\/wp-content\/uploads\/2020\/10\/13c24133-00f5-4528-aba7-c65492632e58-1200x800.jpeg 1200w, https:\/\/cirandadefilmes.com.br\/cirandacirandinha\/wp-content\/uploads\/2020\/10\/13c24133-00f5-4528-aba7-c65492632e58.jpeg 1280w\" sizes=\"auto, (max-width: 1024px) 100vw, 1024px\" \/><\/figure>\r\n<\/div>\r\n\r\n\r\n\r\n<p><em><strong>Dire\u00e7\u00e3o e Roteiros<\/strong><\/em><\/p>\r\n\r\n\r\n\r\n<p><strong>Clarice Cardell<\/strong> \u00e9 formada em artes c\u00eanicas pela Universidade de Bras\u00edlia e com especializa\u00e7\u00e3o em cinema no NIC (Nucleo de Investigacion Cinematogr\u00e1fica de Madri) e p\u00f3s-graduada pela Real Escuela Superior de Arte Dramatico de Madri. Fundadora, diretora e atriz da companhia teatral, La Casa Incierta, que \u00e9 a companhia com o nome de maior destaque no campo do Teatro para beb\u00eas na Espanha e no Brasil, com um repert\u00f3rio 12 espet\u00e1culos para crian\u00e7as.\u00a0 A atriz atuou em diversas temporadas no Brasil e em pa\u00edses como a Fran\u00e7a, B\u00e9lgica, It\u00e1lia, Portugal, Holanda, Israel, Finl\u00e2ndia e R\u00fassia. Realiza a curadoria e produ\u00e7\u00e3o do Festival Primeiro Olhar &#8211; arte pela primeira inf\u00e2ncia, coordena o GT Cultura na Rede Nacional pela Primeira Inf\u00e2ncia e colaborou na coordena\u00e7\u00e3o do I Encontro Cultura e Primeira Inf\u00e2ncia, realizado em 2015 em parceria com o Minist\u00e9rio da Cultura. Em 2017, recebeu em Washington o pr\u00eamio internacional ALAS BID (Banco Interamericano Mundial), concedido como iniciativa inovadora para a primeira inf\u00e2ncia.<\/p>\r\n\r\n\r\n\r\n<p><strong><em>Produ\u00e7\u00e3o Executiva<\/em> <\/strong><\/p>\r\n\r\n\r\n\r\n<p><strong>Leonardo Hernandes<\/strong> formado em Gest\u00e3o de Pol\u00edticas P\u00fablicas e Mestre em Desenvolvimento, Sociedade e Coopera\u00e7\u00e3o Internacional pelo Culturais do Centro de Estudos Avan\u00e7ados Multidisciplinares da UnB. Al\u00e9m de cursos complementares em Gest\u00e3o Cultural pela UnB\/Minc, Gest\u00e3o Contempor\u00e2nea de Espa\u00e7os Culturais, Produ\u00e7\u00e3o Executiva e Cr\u00edtica Teatral. Foi Subsecret\u00e1rio de Fomento da SECULT do DF entre 2011 e 2014 respons\u00e1vel pelo Fundo de Apoio \u00e0 Cultura &#8211; FAC e Diretor de Gest\u00e3o de Mecanismos de Fomento do MinC entre 2015 e jun.\/2016, respons\u00e1vel pelo Fundo Nacional de Cultura e Vale-Cultura. Fundador da Rede Nacional de Gestores de Fomento. Foi produtor do Jogo de Cena por 8 anos. Produziu as bandas Casa de Farinha, Moveis Coloniais de Acaju, diversas pe\u00e7as teatrais e o curta-metragem \u201cDe perto, quem \u00e9 normal?\u201d. \u00a0Iniciou sua carreira como ator em 1991 no Grupo A Culpa \u00e9 da M\u00e3e (atual Melhores do Mundo) e atuou em mais de 15 espet\u00e1culos de teatro e dan\u00e7a. Tem uma longa carreira no audiovisual como ator de TV e Cinema. Foi Secret\u00e1rio Executivo do Programa Territ\u00f3rio Criativo, iniciativa voltada para a capacita\u00e7\u00e3o e consultorias em economia criativa, realizada pelo Instituto Bem Cultural &#8211; IBC. \u00a0Foi Coordenador Geral da gest\u00e3o e programa\u00e7\u00e3o do Espa\u00e7o Renato Russo 508 Sul pelo IBC. Al\u00e9m de ser o Produtor Executivo do BebeLume, L\u00e9o Hernandes atua no terceiro setor compondo o Instituto Bem Cultural \u2013 IBC.<\/p>\r\n\r\n\r\n\r\n<p class=\"has-large-font-size\"><strong><a href=\"http:\/\/bebelume.com.br\/\" target=\"_blank\" rel=\"noreferrer noopener\">Saiba mais sobre o BebeLume e suas produ\u00e7\u00f5es<\/a><\/strong>!<\/p>\r\n\r\n\r\n\r\n<div class=\"wp-block-spacer\" style=\"height: 100px;\" aria-hidden=\"true\">\u00a0<\/div>\r\n","protected":false},"excerpt":{"rendered":"<p>Desenvolve conte\u00fados para crian\u00e7as de 0 a 5 anos que as possibilite ter uma experi\u00eancia que nutra sua intelig\u00eancia emotiva, corporal e sem\u00e2ntica. BebeLume \u00e9 uma cria\u00e7\u00e3o surgida da parceria entre Clarice Cardell e Leonardo Hernandes que tiveram seu primeiro encontro no grupo teatral \u201cEsquadr\u00e3o da Vida\u201d dirigido por Ary Para-raios onde protagonizaram o famoso [&hellip;]<\/p>\n","protected":false},"author":1,"featured_media":1891,"comment_status":"closed","ping_status":"closed","sticky":false,"template":"templates\/template-full-width.php","format":"standard","meta":{"_mo_disable_npp":"","footnotes":""},"categories":[19,10],"tags":[],"class_list":["post-1886","post","type-post","status-publish","format-standard","has-post-thumbnail","hentry","category-bebelume-filmes","category-colecoes"],"_links":{"self":[{"href":"https:\/\/cirandadefilmes.com.br\/cirandacirandinha\/wp-json\/wp\/v2\/posts\/1886","targetHints":{"allow":["GET"]}}],"collection":[{"href":"https:\/\/cirandadefilmes.com.br\/cirandacirandinha\/wp-json\/wp\/v2\/posts"}],"about":[{"href":"https:\/\/cirandadefilmes.com.br\/cirandacirandinha\/wp-json\/wp\/v2\/types\/post"}],"author":[{"embeddable":true,"href":"https:\/\/cirandadefilmes.com.br\/cirandacirandinha\/wp-json\/wp\/v2\/users\/1"}],"replies":[{"embeddable":true,"href":"https:\/\/cirandadefilmes.com.br\/cirandacirandinha\/wp-json\/wp\/v2\/comments?post=1886"}],"version-history":[{"count":45,"href":"https:\/\/cirandadefilmes.com.br\/cirandacirandinha\/wp-json\/wp\/v2\/posts\/1886\/revisions"}],"predecessor-version":[{"id":4655,"href":"https:\/\/cirandadefilmes.com.br\/cirandacirandinha\/wp-json\/wp\/v2\/posts\/1886\/revisions\/4655"}],"wp:featuredmedia":[{"embeddable":true,"href":"https:\/\/cirandadefilmes.com.br\/cirandacirandinha\/wp-json\/wp\/v2\/media\/1891"}],"wp:attachment":[{"href":"https:\/\/cirandadefilmes.com.br\/cirandacirandinha\/wp-json\/wp\/v2\/media?parent=1886"}],"wp:term":[{"taxonomy":"category","embeddable":true,"href":"https:\/\/cirandadefilmes.com.br\/cirandacirandinha\/wp-json\/wp\/v2\/categories?post=1886"},{"taxonomy":"post_tag","embeddable":true,"href":"https:\/\/cirandadefilmes.com.br\/cirandacirandinha\/wp-json\/wp\/v2\/tags?post=1886"}],"curies":[{"name":"wp","href":"https:\/\/api.w.org\/{rel}","templated":true}]}}