{"id":1443,"date":"2020-10-10T17:41:10","date_gmt":"2020-10-10T20:41:10","guid":{"rendered":"https:\/\/cirandadefilmes.com.br\/cirandacirandinha\/cirandacirandinha\/?p=1443"},"modified":"2020-11-01T19:50:41","modified_gmt":"2020-11-01T22:50:41","slug":"criando-juntos-com-o-projeto-de-crianca-para-crianca","status":"publish","type":"post","link":"https:\/\/cirandadefilmes.com.br\/cirandacirandinha\/criando-juntos-com-o-projeto-de-crianca-para-crianca\/","title":{"rendered":"Criando Juntos, com o projeto <br\/>De Crian\u00e7a Para Crian\u00e7a"},"content":{"rendered":"\n<h3 class=\"has-text-align-left wp-block-heading\"><\/h3>\n\n\n\n<div class=\"wp-block-columns is-layout-flex wp-container-core-columns-is-layout-9d6595d7 wp-block-columns-is-layout-flex\">\n<div class=\"wp-block-column is-layout-flow wp-block-column-is-layout-flow\" style=\"flex-basis:65%\">\n<h3 class=\"has-text-align-left wp-block-heading\" id=\"block-a04275af-579a-450e-81d6-f6df23751dce\">Oficina de produ\u00e7\u00e3o de desenhos para filmes de anima\u00e7\u00e3o.<\/h3>\n\n\n\n<h4 class=\"wp-block-heading\">Como ser\u00e1:<\/h4>\n\n\n\n<p>No primeiro encontro da oficina do De Crian\u00e7a Para Crian\u00e7a &#8211; DCPC, os participantes ser\u00e3o convidados a ouvir uma hist\u00f3ria contada pelo artista pl\u00e1stico e idealizador do projeto, Vitor Azambuja e, em seguida, desenhar&nbsp;um dos elementos que a comp\u00f5em. <\/p>\n\n\n\n<p>Depois de desenhados, esses elementos ser\u00e3o fotografados pelas crian\u00e7as, seus pais, educadores ou respons\u00e1veis, e enviados para a produ\u00e7\u00e3o do DCPC. <\/p>\n\n\n\n<div class=\"wp-block-image\"><figure class=\"alignright size-large\"><img loading=\"lazy\" decoding=\"async\" width=\"696\" height=\"564\" src=\"https:\/\/cirandadefilmes.com.br\/cirandacirandinha\/cirandacirandinha\/wp-content\/uploads\/2020\/10\/DCPC-assistindo-1.jpg\" alt=\"\" class=\"wp-image-2468\" srcset=\"https:\/\/cirandadefilmes.com.br\/cirandacirandinha\/wp-content\/uploads\/2020\/10\/DCPC-assistindo-1.jpg 696w, https:\/\/cirandadefilmes.com.br\/cirandacirandinha\/wp-content\/uploads\/2020\/10\/DCPC-assistindo-1-300x243.jpg 300w\" sizes=\"auto, (max-width: 696px) 100vw, 696px\" \/><\/figure><\/div>\n\n\n\n<p>A equipe do DCPC ir\u00e1 animar e sonorizar esses desenhos e, no&nbsp;encontro de encerramento da oficina, os participantes de ambas as turmas se encontrar\u00e3o para assistir juntos aos filmes que foram animados a partir dos seus desenhos. <\/p>\n\n\n\n<p>Este m\u00e9todo do DCPC contribui para o exerc\u00edcio das linguagens verbal, visual, gestual e sonora. E o processo de cria\u00e7\u00e3o de hist\u00f3rias e produ\u00e7\u00e3o de filmes animados e livros com os desenhos das crian\u00e7as, faz com que elas desenvolvam \u00e1reas importantes ao mesmo tempo em que brincam e se divertem. <\/p>\n\n\n\n<p>E vejam s\u00f3 que bacana a surpresa que preparamos para todos!!! A Giulia Benite, o Kevin Vechiatto, a Laura Rauseo e o Gabriel Moreira, atores que fizeram os personagens M\u00f4nica, Cebolinha, Magali e Casc\u00e3o no filme <strong>Turma da M\u00f4nica: <em>La\u00e7os<\/em><\/strong>, estar\u00e3o presentes no encontro final para assistir os filmes, bater um papo com as crian\u00e7as, responder perguntas e contar as suas experi\u00eancias no set de filmagem do <em>Li\u00e7\u00f5es<\/em>, sequ\u00eancia de <em>La\u00e7os<\/em>, que ser\u00e1 lan\u00e7ado em breve! &nbsp;<\/p>\n\n\n\n<p><a href=\"https:\/\/cirandadefilmes.com.br\/cirandacirandinha\/cirandacirandinha\/de-crianca-para-crianca\/\">Para saber mais sobre o projeto <em>De Crian\u00e7a Para Crian\u00e7a<\/em> visite a sess\u00e3o Cole\u00e7\u00e3o.<\/a><\/p>\n<\/div>\n\n\n\n<div class=\"wp-block-column is-layout-flow wp-block-column-is-layout-flow\" style=\"flex-basis:5%\"><\/div>\n\n\n\n<div class=\"wp-block-column atividades_oficinasInterna is-layout-flow wp-block-column-is-layout-flow\" style=\"flex-basis:30%\">\n<h4 class=\"wp-block-heading\" id=\"block-40b7286d-f860-46f2-88a9-8a50644e9078\">Para quem:<\/h4>\n\n\n\n<p>50 crian\u00e7as em duas turmas de 25 cada.<\/p>\n\n\n\n<p>Sugest\u00e3o de idade: 6+<\/p>\n\n\n\n<h4 class=\"wp-block-heading\" id=\"block-40b7286d-f860-46f2-88a9-8a50644e9078\">Quando:<\/h4>\n\n\n\n<p style=\"font-size:20px\"><strong>1.\u00ba encontro<\/strong><\/p>\n\n\n\n<p style=\"font-size:16px\"><strong>Turma 1:<\/strong> dia 7\/11, s\u00e1bado, \u00e0s 11h&nbsp;<\/p>\n\n\n\n<p style=\"font-size:16px\"><strong>Turma 2:<\/strong> dia 7\/11, s\u00e1bado, \u00e0s 15h<\/p>\n\n\n\n<p style=\"font-size:20px\"><strong>2.\u00ba encontro&nbsp;<\/strong><\/p>\n\n\n\n<p style=\"font-size:16px\"><strong>Turmas 1 e 2:<\/strong> dia 15\/11, <br>domingo, \u00e0s 15h<\/p>\n\n\n\n<h4 class=\"wp-block-heading\" id=\"block-40b7286d-f860-46f2-88a9-8a50644e9078\">Onde:<\/h4>\n\n\n\n<p style=\"font-size:20px\"><strong>Online, pela plataforma ZOOM&nbsp;<\/strong><\/p>\n\n\n\n<h4 class=\"wp-block-heading\" id=\"block-40b7286d-f860-46f2-88a9-8a50644e9078\">Material:<\/h4>\n\n\n\n<p style=\"font-size:16px\">papel A4, l\u00e1pis de cor e canetas, fita adesiva e aparelho celular para fotografar.&nbsp;<\/p>\n\n\n\n<p><\/p>\n\n\n\n<div class=\"wp-block-buttons aligncenter is-layout-flex wp-block-buttons-is-layout-flex\">\n<div class=\"wp-block-button\"><a class=\"wp-block-button__link\">turma 1 vagas esgotadas<\/a><\/div>\n<\/div>\n\n\n\n<div class=\"wp-block-buttons aligncenter is-layout-flex wp-block-buttons-is-layout-flex\">\n<div class=\"wp-block-button\"><a class=\"wp-block-button__link\">turma 2 vagas esgotadas<\/a><\/div>\n<\/div>\n<\/div>\n<\/div>\n\n\n\n<p><\/p>\n","protected":false},"excerpt":{"rendered":"<p>Oficina de produ\u00e7\u00e3o de desenhos para filmes de anima\u00e7\u00e3o. Como ser\u00e1: No primeiro encontro da oficina do De Crian\u00e7a Para Crian\u00e7a &#8211; DCPC, os participantes ser\u00e3o convidados a ouvir uma hist\u00f3ria contada pelo artista pl\u00e1stico e idealizador do projeto, Vitor Azambuja e, em seguida, desenhar&nbsp;um dos elementos que a comp\u00f5em. Depois de desenhados, esses elementos [&hellip;]<\/p>\n","protected":false},"author":1,"featured_media":1543,"comment_status":"closed","ping_status":"closed","sticky":false,"template":"templates\/template-full-width.php","format":"standard","meta":{"_mo_disable_npp":"","footnotes":""},"categories":[13,14],"tags":[],"class_list":["post-1443","post","type-post","status-publish","format-standard","has-post-thumbnail","hentry","category-atividades","category-oficina"],"_links":{"self":[{"href":"https:\/\/cirandadefilmes.com.br\/cirandacirandinha\/wp-json\/wp\/v2\/posts\/1443","targetHints":{"allow":["GET"]}}],"collection":[{"href":"https:\/\/cirandadefilmes.com.br\/cirandacirandinha\/wp-json\/wp\/v2\/posts"}],"about":[{"href":"https:\/\/cirandadefilmes.com.br\/cirandacirandinha\/wp-json\/wp\/v2\/types\/post"}],"author":[{"embeddable":true,"href":"https:\/\/cirandadefilmes.com.br\/cirandacirandinha\/wp-json\/wp\/v2\/users\/1"}],"replies":[{"embeddable":true,"href":"https:\/\/cirandadefilmes.com.br\/cirandacirandinha\/wp-json\/wp\/v2\/comments?post=1443"}],"version-history":[{"count":76,"href":"https:\/\/cirandadefilmes.com.br\/cirandacirandinha\/wp-json\/wp\/v2\/posts\/1443\/revisions"}],"predecessor-version":[{"id":3757,"href":"https:\/\/cirandadefilmes.com.br\/cirandacirandinha\/wp-json\/wp\/v2\/posts\/1443\/revisions\/3757"}],"wp:featuredmedia":[{"embeddable":true,"href":"https:\/\/cirandadefilmes.com.br\/cirandacirandinha\/wp-json\/wp\/v2\/media\/1543"}],"wp:attachment":[{"href":"https:\/\/cirandadefilmes.com.br\/cirandacirandinha\/wp-json\/wp\/v2\/media?parent=1443"}],"wp:term":[{"taxonomy":"category","embeddable":true,"href":"https:\/\/cirandadefilmes.com.br\/cirandacirandinha\/wp-json\/wp\/v2\/categories?post=1443"},{"taxonomy":"post_tag","embeddable":true,"href":"https:\/\/cirandadefilmes.com.br\/cirandacirandinha\/wp-json\/wp\/v2\/tags?post=1443"}],"curies":[{"name":"wp","href":"https:\/\/api.w.org\/{rel}","templated":true}]}}